{"id":1064,"date":"2022-02-12T10:00:38","date_gmt":"2022-02-12T09:00:38","guid":{"rendered":"https:\/\/www.diagnostyka-umyslu.pl\/blog\/?p=1064"},"modified":"2022-07-09T19:37:13","modified_gmt":"2022-07-09T17:37:13","slug":"troubles-du-spectre-autistique","status":"publish","type":"post","link":"https:\/\/www.diagnostic-mental.fr\/blog\/autisme\/troubles-du-spectre-autistique\/","title":{"rendered":"Troubles du spectre autistique"},"content":{"rendered":"<p>Les troubles du spectre autistique peuvent se manifester de diverses mani\u00e8res, et chaque personne autiste poss\u00e8de son propre ensemble de caract\u00e9ristiques et de diff\u00e9rences.<\/p>\n<p>L&#8217;autisme est un trouble du d\u00e9veloppement neurologique. Actuellement, environ 1 enfant sur 54 (environ 1,7 %) aux \u00c9tats-Unis est atteint d&#8217;autisme.<\/p>\n<p>Examinons les <a href=\"https:\/\/www.diagnostic-mental.fr\/autism-spectrum-quotient\">signes de l&#8217;autisme<\/a>, la fa\u00e7on dont il est diagnostiqu\u00e9 et bien d&#8217;autres choses encore.<\/p>\n<h4>Qu&#8217;est-ce que l&#8217;autisme ?<\/h4>\n<p>Les troubles du spectre autistique (TSA) sont des troubles du d\u00e9veloppement neurologique qui peuvent affecter les interactions, la communication et le comportement d&#8217;une personne.<\/p>\n<p>L&#8217;autisme existe sur un &#8220;spectre&#8221; car les besoins sensoriels, sociaux et de communication des personnes atteintes d&#8217;autisme peuvent se situer sur un large \u00e9ventail, de tr\u00e8s \u00e9lev\u00e9s \u00e0 faibles.<\/p>\n<p>Les besoins de soutien sont tr\u00e8s vari\u00e9s sur le spectre autistique. Certaines personnes autistes ont besoin de moins de soutien, tandis que d&#8217;autres ont besoin de plus de soutien.<\/p>\n<h4>Signes et sympt\u00f4mes<\/h4>\n<p>Les TSA sont consid\u00e9r\u00e9s comme un &#8220;trouble du d\u00e9veloppement neurologique&#8221; parce que les sch\u00e9mas de comportement et les diff\u00e9rences au niveau des probl\u00e8mes sensoriels et de la communication apparaissent souvent avant l&#8217;\u00e2ge de 3 ans. Dans certains cas, ces comportements apparaissent d\u00e8s l&#8217;\u00e2ge de 18 mois.<\/p>\n<p>Toutes les personnes ne pr\u00e9sentent pas tous les comportements.<\/p>\n<p>Ces comportements pr\u00e9sentent des diff\u00e9rences plus ou moins importantes en termes de capacit\u00e9s de communication, d&#8217;interactions, de comportements sociaux et autres.<\/p>\n<p>Certains signes et comportements des TSA chez les enfants ou les adultes peuvent inclure :<\/p>\n<ul>\n<li>\u00eatre difficile avec les autres ou avoir un manque d&#8217;int\u00e9r\u00eat pour les autres.<\/li>\n<li>\u00eatre plus ou moins sensible que d&#8217;autres personnes aux stimuli sensoriels, tels que la lumi\u00e8re, le bruit, les v\u00eatements ou la temp\u00e9rature<\/li>\n<li>\u00e9viter le contact visuel et vouloir \u00eatre seul<\/li>\n<li>ayant des difficult\u00e9s \u00e0 exprimer leurs besoins<\/li>\n<li>la r\u00e9p\u00e9tition des choses<\/li>\n<li>une plus grande sensibilit\u00e9 \u00e0 l&#8217;odeur, au go\u00fbt, \u00e0 l&#8217;aspect, \u00e0 la sensation ou au son des choses<\/li>\n<li>ne pas regarder les objets lorsqu&#8217;une autre personne les montre du doigt<\/li>\n<li>y avoir des difficult\u00e9s \u00e0 comprendre les sentiments des autres ou \u00e0 parler de ses propres sentiments.<\/li>\n<li>y ne pas jouer \u00e0 des jeux de &#8220;faire semblant&#8221; (par exemple, ne pas vouloir jouer \u00e0 &#8220;nourrir la poup\u00e9e&#8221;)<\/li>\n<li>vous avez du mal \u00e0 vous adapter \u00e0 un changement de routine<\/li>\n<li>ne pas pointer du doigt les objets pour montrer son int\u00e9r\u00eat (par exemple, ne pas pointer du doigt un avion qui passe)<\/li>\n<li>r\u00e9p\u00e9ter des mots ou des phrases qui leur sont adress\u00e9s ou r\u00e9p\u00e9ter des mots ou des phrases au lieu d&#8217;un langage normal<\/li>\n<li>la perte de comp\u00e9tences qu&#8217;ils avaient auparavant (par exemple, ils ont cess\u00e9 de prononcer des mots qu&#8217;ils utilisaient auparavant)<\/li>\n<li>des diff\u00e9rences dans le ton du discours ou la prosodie<\/li>\n<\/ul>\n<h4>Causes<\/h4>\n<p><strong>Il n&#8217;y a pas de cause unique connue de l&#8217;autisme.<\/strong><\/p>\n<p>Au contraire, les chercheurs ont identifi\u00e9 certaines caract\u00e9ristiques qui peuvent augmenter les chances de d\u00e9velopper cette maladie.<\/p>\n<p>Ces facteurs sont les suivants :<\/p>\n<ul>\n<li>avoir des parents plus \u00e2g\u00e9s<\/li>\n<li>avoir certaines conditions g\u00e9n\u00e9tiques, telles que :\n<ul>\n<li>Syndrome de Down<\/li>\n<li>Le syndrome du X fragile<\/li>\n<li>Le syndrome de Rett<\/li>\n<\/ul>\n<\/li>\n<li>Avoir un fr\u00e8re ou une s\u0153ur autiste<\/li>\n<\/ul>\n<p>Il y a encore beaucoup \u00e0 apprendre sur les causes des TSA. Les scientifiques tentent toujours de comprendre pourquoi certaines personnes d\u00e9veloppent des TSA et d&#8217;autres pas.<\/p>\n<h4>Diagnostic<\/h4>\n<p>Les parents sont g\u00e9n\u00e9ralement les premiers \u00e0 remarquer les diff\u00e9rences de d\u00e9veloppement chez leur enfant. Si vous en remarquez chez votre enfant, demandez une \u00e9valuation \u00e0 votre p\u00e9diatre ou \u00e0 un sp\u00e9cialiste de l&#8217;autisme.<\/p>\n<p>Voici quelques signes indiquant que votre enfant pourrait b\u00e9n\u00e9ficier d&#8217;une \u00e9valuation :<\/p>\n<ul>\n<li>pas de babillage ni de pointage \u00e0 l&#8217;\u00e2ge de 1 an<\/li>\n<li>ne pas dire de mots simples avant l&#8217;\u00e2ge de 16 mois ou de phrases de deux mots avant l&#8217;\u00e2ge de 2 ans<\/li>\n<li>mauvais contact visuel<\/li>\n<li>absence de sourire ou d&#8217;autres expressions engageantes<\/li>\n<li>l&#8217;absence de r\u00e9ponse \u00e0 leur nom<\/li>\n<li>perte de comp\u00e9tences linguistiques ou sociales acquises ant\u00e9rieurement<\/li>\n<\/ul>\n<p>Il n&#8217;existe pas de test m\u00e9dical, tel qu&#8217;une analyse de sang, pour l&#8217;autisme. Les m\u00e9decins examineront le comportement et le d\u00e9veloppement de votre enfant pour \u00e9tablir un diagnostic.<\/p>\n<p>Chez les enfants plus \u00e2g\u00e9s et les jeunes, les enseignants ou les parents peuvent reconna\u00eetre un comportement autistique. Il est toujours bon de faire faire des examens compl\u00e9mentaires par votre p\u00e9diatre ou votre m\u00e9decin g\u00e9n\u00e9raliste pour confirmer le diagnostic.<\/p>\n<p>Diagnostiquer l&#8217;autisme chez les adultes peut \u00eatre un d\u00e9fi, mais n&#8217;est pas impossible. Les m\u00e9decins auront probablement besoin de vos ant\u00e9c\u00e9dents en mati\u00e8re de d\u00e9veloppement pour \u00e9tablir un diagnostic. Il peut s&#8217;agir de parler \u00e0 vos parents ou aux membres de votre famille et \u00e0 vos amis.<\/p>\n<h4>Gestion de<\/h4>\n<p>Les services de soutien sont souvent propos\u00e9s apr\u00e8s qu&#8217;un enfant a re\u00e7u un diagnostic d&#8217;autisme. Ces services peuvent inclure une th\u00e9rapie pour aider \u00e0 d\u00e9velopper le langage et d&#8217;autres comp\u00e9tences de communication, des outils de gestion du comportement et des comp\u00e9tences sociales.<\/p>\n<p>Il n&#8217;y a pas une seule bonne fa\u00e7on de g\u00e9rer l&#8217;autisme. N&#8217;oubliez pas qu&#8217;il n&#8217;existe pas deux personnes autistes identiques. Les services de soutien, s&#8217;ils sont souhait\u00e9s ou n\u00e9cessaires, sont adapt\u00e9s aux besoins et aux d\u00e9sirs individuels.<\/p>\n<p>Pour certains, le soutien peut se concentrer sur des probl\u00e8mes sp\u00e9cifiques dans :<\/p>\n<ul>\n<li>apprentissage<\/li>\n<li>langue<\/li>\n<li>imitation<\/li>\n<li>motivation<\/li>\n<li>r\u00e9alisation<\/li>\n<li>initiation \u00e0 l&#8217;interaction sociale<\/li>\n<\/ul>\n<p>Les professionnels de la sant\u00e9 sp\u00e9cialis\u00e9s dans l&#8217;autisme peuvent utiliser les th\u00e9rapies suivantes pour aider \u00e0 g\u00e9rer ces probl\u00e8mes :<\/p>\n<ul>\n<li>m\u00e9thodes comportementales<\/li>\n<li>th\u00e9rapie de communication<\/li>\n<li>l&#8217;ergoth\u00e9rapie<\/li>\n<li>th\u00e9rapie physique<\/li>\n<li>jeu social<\/li>\n<\/ul>\n<p>Les services de soutien peuvent se poursuivre aussi longtemps que souhait\u00e9. Parfois, les personnes autistes choisissent de changer les services de soutien qu&#8217;elles re\u00e7oivent ou de les arr\u00eater compl\u00e8tement.<\/p>\n<h4>Vivre avec l&#8217;autisme<\/h4>\n<p>De nombreuses personnes autistes n&#8217;ont pas besoin de beaucoup de soutien, voire d&#8217;aucun.<\/p>\n<p>Certains enfants et adultes autistes ont besoin de soutien pour faire face \u00e0 la vie quotidienne. Parlez-en \u00e0 votre p\u00e9diatre ou \u00e0 votre m\u00e9decin pour cr\u00e9er la structure et les conseils qui vous conviennent.<\/p>\n<h4>Obtenir de l&#8217;aide<\/h4>\n<p>Il existe de nombreuses fa\u00e7ons de se lancer dans l&#8217;aventure de l&#8217;\u00e9valuation et du traitement des TSA, que ce soit pour vous-m\u00eame, votre enfant ou votre adolescent.<\/p>\n<p>Un bon point de d\u00e9part est de contacter votre m\u00e9decin ou votre g\u00e9n\u00e9raliste. Ils peuvent vous adresser \u00e0 un sp\u00e9cialiste qui pourra vous fournir une \u00e9valuation et un diagnostic approfondis.<\/p>\n<p>Si cela est souhait\u00e9 ou n\u00e9cessaire, un plan de gestion des TSA peut faire appel \u00e0 des sp\u00e9cialistes et \u00e0 d&#8217;autres ressources. Il existe \u00e9galement des organisations qui peuvent fournir des ressources, des informations et un soutien suppl\u00e9mentaires.<\/p>\n<p><strong>Parmi les sp\u00e9cialistes potentiels, citons :<\/strong><\/p>\n<ul>\n<li><strong>P\u00e9diatres du d\u00e9veloppement<\/strong><\/li>\n<\/ul>\n<p>Si vous pensez que votre enfant est atteint de TSA, les m\u00e9decins peuvent \u00e9valuer le d\u00e9veloppement de votre enfant, poser un diagnostic et proposer un plan de prise en charge.<\/p>\n<ul>\n<li><strong>Psychologues ou psychiatres pour enfants<\/strong><\/li>\n<\/ul>\n<p>Ces m\u00e9decins utiliseront diff\u00e9rentes techniques th\u00e9rapeutiques, telles que la th\u00e9rapie comportementale et la th\u00e9rapie par le jeu, pour aider votre enfant \u00e0 se d\u00e9velopper mentalement, \u00e9motionnellement et socialement.<\/p>\n<ul>\n<li><strong>Neurologue p\u00e9diatrique<\/strong><\/li>\n<\/ul>\n<p>Certains enfants autistes souffrent \u00e9galement de crises d&#8217;\u00e9pilepsie. Si c&#8217;est le cas pour votre enfant, vous devrez peut-\u00eatre consulter un neurologue. Ils peuvent \u00e9galement aider \u00e0 r\u00e9soudre les probl\u00e8mes d&#8217;\u00e9locution et de motricit\u00e9.<\/p>\n<ul>\n<li><strong>Physioth\u00e9rapeute<\/strong><\/li>\n<\/ul>\n<p>Ces sp\u00e9cialistes du mouvement aident \u00e0 d\u00e9velopper les aptitudes motrices et les mouvements de base. Ils d\u00e9veloppent des comp\u00e9tences qui aideront votre enfant \u00e0 apprendre des jeux, des sports et d&#8217;autres activit\u00e9s physiques.<\/p>\n<ul>\n<li><strong>Orthophoniste<\/strong><\/li>\n<\/ul>\n<p>Les orthophonistes s&#8217;occupent du langage et de la communication. Ils aideront \u00e0 am\u00e9liorer la parole, les comp\u00e9tences non verbales telles que les gestes et les signes, et la communication sociale.<\/p>\n<ul>\n<li><strong>Ergoth\u00e9rapeute<\/strong><\/li>\n<\/ul>\n<p>Les programmes avec un ergoth\u00e9rapeute se concentreront sur le d\u00e9veloppement des comp\u00e9tences sociales, physiques, cognitives et motrices. Ils travailleront sur les aptitudes au jeu, les aptitudes \u00e0 prendre soin de soi, comme s&#8217;habiller et manger, et les strat\u00e9gies d&#8217;apprentissage.<\/p>\n<h4>Sources<\/h4>\n<ul>\n<li><em>https:\/\/psychcentral.com\/autism\/autism<\/em><\/li>\n<\/ul>\n","protected":false},"excerpt":{"rendered":"<p>Les troubles du spectre autistique peuvent se manifester de diverses mani\u00e8res, et chaque personne autiste poss\u00e8de son propre ensemble de caract\u00e9ristiques et de diff\u00e9rences. L&#8217;autisme&#8230;<\/p>\n","protected":false},"author":1,"featured_media":1073,"comment_status":"closed","ping_status":"open","sticky":false,"template":"","format":"standard","meta":{"inline_featured_image":false},"categories":[44],"tags":[],"yoast_head":"<!-- This site is optimized with the Yoast SEO plugin v18.1 - https:\/\/yoast.com\/wordpress\/plugins\/seo\/ -->\n<title>Troubles du spectre autistique - Diagnostic Mental<\/title>\n<meta name=\"description\" content=\"Un guide sur l&#039;autisme, ses sympt\u00f4mes, ses causes, son diagnostic et sa prise en charge. Une introduction \u00e0 ce qu&#039;est l&#039;autisme et comment il affecte les gens.\" \/>\n<meta name=\"robots\" content=\"index, follow, max-snippet:-1, max-image-preview:large, max-video-preview:-1\" \/>\n<link rel=\"canonical\" href=\"https:\/\/www.diagnostic-mental.fr\/blog\/autisme\/troubles-du-spectre-autistique\/\" \/>\n<meta property=\"og:locale\" content=\"fr_FR\" \/>\n<meta property=\"og:type\" content=\"article\" \/>\n<meta property=\"og:title\" content=\"Troubles du spectre autistique - Diagnostic Mental\" \/>\n<meta property=\"og:description\" content=\"Un guide sur l&#039;autisme, ses sympt\u00f4mes, ses causes, son diagnostic et sa prise en charge. Une introduction \u00e0 ce qu&#039;est l&#039;autisme et comment il affecte les gens.\" \/>\n<meta property=\"og:url\" content=\"https:\/\/www.diagnostic-mental.fr\/blog\/autisme\/troubles-du-spectre-autistique\/\" \/>\n<meta property=\"og:site_name\" content=\"Diagnostic Mental\" \/>\n<meta property=\"article:published_time\" content=\"2022-02-12T09:00:38+00:00\" \/>\n<meta property=\"article:modified_time\" content=\"2022-07-09T17:37:13+00:00\" \/>\n<meta property=\"og:image\" content=\"https:\/\/www.diagnostic-mental.fr\/blog\/wp-content\/uploads\/2021\/07\/baner_d.jpg\" \/>\n\t<meta property=\"og:image:width\" content=\"839\" \/>\n\t<meta property=\"og:image:height\" content=\"400\" \/>\n\t<meta property=\"og:image:type\" content=\"image\/jpeg\" \/>\n<meta name=\"twitter:card\" content=\"summary_large_image\" \/>\n<meta name=\"twitter:label1\" content=\"\u00c9crit par\" \/>\n\t<meta name=\"twitter:data1\" content=\"Diagnostic Mental\" \/>\n\t<meta name=\"twitter:label2\" content=\"Dur\u00e9e de lecture estim\u00e9e\" \/>\n\t<meta name=\"twitter:data2\" content=\"7 minutes\" \/>\n<script type=\"application\/ld+json\" class=\"yoast-schema-graph\">{\"@context\":\"https:\/\/schema.org\",\"@graph\":[{\"@type\":\"Organization\",\"@id\":\"https:\/\/www.diagnostic-mental.fr\/blog\/#organization\",\"name\":\"Diagnostic Mental\",\"url\":\"https:\/\/www.diagnostic-mental.fr\/blog\/\",\"sameAs\":[],\"logo\":{\"@type\":\"ImageObject\",\"@id\":\"https:\/\/www.diagnostic-mental.fr\/blog\/#logo\",\"inLanguage\":\"fr-FR\",\"url\":\"https:\/\/www.diagnostic-mental.fr\/blog\/wp-content\/uploads\/2022\/02\/diagnostic-mental.png\",\"contentUrl\":\"https:\/\/www.diagnostic-mental.fr\/blog\/wp-content\/uploads\/2022\/02\/diagnostic-mental.png\",\"width\":300,\"height\":102,\"caption\":\"Diagnostic Mental\"},\"image\":{\"@id\":\"https:\/\/www.diagnostic-mental.fr\/blog\/#logo\"}},{\"@type\":\"WebSite\",\"@id\":\"https:\/\/www.diagnostic-mental.fr\/blog\/#website\",\"url\":\"https:\/\/www.diagnostic-mental.fr\/blog\/\",\"name\":\"Diagnostic Mental\",\"description\":\"Blog sur les troubles de l&#039;esprit\",\"publisher\":{\"@id\":\"https:\/\/www.diagnostic-mental.fr\/blog\/#organization\"},\"potentialAction\":[{\"@type\":\"SearchAction\",\"target\":{\"@type\":\"EntryPoint\",\"urlTemplate\":\"https:\/\/www.diagnostic-mental.fr\/blog\/?s={search_term_string}\"},\"query-input\":\"required name=search_term_string\"}],\"inLanguage\":\"fr-FR\"},{\"@type\":\"ImageObject\",\"@id\":\"https:\/\/www.diagnostic-mental.fr\/blog\/autisme\/troubles-du-spectre-autistique\/#primaryimage\",\"inLanguage\":\"fr-FR\",\"url\":\"https:\/\/www.diagnostic-mental.fr\/blog\/wp-content\/uploads\/2021\/07\/baner_d.jpg\",\"contentUrl\":\"https:\/\/www.diagnostic-mental.fr\/blog\/wp-content\/uploads\/2021\/07\/baner_d.jpg\",\"width\":839,\"height\":400,\"caption\":\"Zaburzenia ze spektrum autyzmu\"},{\"@type\":\"WebPage\",\"@id\":\"https:\/\/www.diagnostic-mental.fr\/blog\/autisme\/troubles-du-spectre-autistique\/#webpage\",\"url\":\"https:\/\/www.diagnostic-mental.fr\/blog\/autisme\/troubles-du-spectre-autistique\/\",\"name\":\"Troubles du spectre autistique - Diagnostic Mental\",\"isPartOf\":{\"@id\":\"https:\/\/www.diagnostic-mental.fr\/blog\/#website\"},\"primaryImageOfPage\":{\"@id\":\"https:\/\/www.diagnostic-mental.fr\/blog\/autisme\/troubles-du-spectre-autistique\/#primaryimage\"},\"datePublished\":\"2022-02-12T09:00:38+00:00\",\"dateModified\":\"2022-07-09T17:37:13+00:00\",\"description\":\"Un guide sur l'autisme, ses sympt\u00f4mes, ses causes, son diagnostic et sa prise en charge. Une introduction \u00e0 ce qu'est l'autisme et comment il affecte les gens.\",\"breadcrumb\":{\"@id\":\"https:\/\/www.diagnostic-mental.fr\/blog\/autisme\/troubles-du-spectre-autistique\/#breadcrumb\"},\"inLanguage\":\"fr-FR\",\"potentialAction\":[{\"@type\":\"ReadAction\",\"target\":[\"https:\/\/www.diagnostic-mental.fr\/blog\/autisme\/troubles-du-spectre-autistique\/\"]}]},{\"@type\":\"BreadcrumbList\",\"@id\":\"https:\/\/www.diagnostic-mental.fr\/blog\/autisme\/troubles-du-spectre-autistique\/#breadcrumb\",\"itemListElement\":[{\"@type\":\"ListItem\",\"position\":1,\"name\":\"Homepage\",\"item\":\"https:\/\/www.diagnostic-mental.fr\/blog\/\"},{\"@type\":\"ListItem\",\"position\":2,\"name\":\"Trouble du spectre autistique\",\"item\":\"https:\/\/www.diagnostic-mental.fr\/blog\/autisme\/\"},{\"@type\":\"ListItem\",\"position\":3,\"name\":\"Troubles du spectre autistique\"}]},{\"@type\":\"Article\",\"@id\":\"https:\/\/www.diagnostic-mental.fr\/blog\/autisme\/troubles-du-spectre-autistique\/#article\",\"isPartOf\":{\"@id\":\"https:\/\/www.diagnostic-mental.fr\/blog\/autisme\/troubles-du-spectre-autistique\/#webpage\"},\"author\":{\"@id\":\"https:\/\/www.diagnostic-mental.fr\/blog\/#\/schema\/person\/8eb1bcaf59fea75c780c11946f4e3490\"},\"headline\":\"Troubles du spectre autistique\",\"datePublished\":\"2022-02-12T09:00:38+00:00\",\"dateModified\":\"2022-07-09T17:37:13+00:00\",\"mainEntityOfPage\":{\"@id\":\"https:\/\/www.diagnostic-mental.fr\/blog\/autisme\/troubles-du-spectre-autistique\/#webpage\"},\"wordCount\":1393,\"publisher\":{\"@id\":\"https:\/\/www.diagnostic-mental.fr\/blog\/#organization\"},\"image\":{\"@id\":\"https:\/\/www.diagnostic-mental.fr\/blog\/autisme\/troubles-du-spectre-autistique\/#primaryimage\"},\"thumbnailUrl\":\"https:\/\/www.diagnostic-mental.fr\/blog\/wp-content\/uploads\/2021\/07\/baner_d.jpg\",\"articleSection\":[\"Autisme\"],\"inLanguage\":\"fr-FR\"},{\"@type\":\"Person\",\"@id\":\"https:\/\/www.diagnostic-mental.fr\/blog\/#\/schema\/person\/8eb1bcaf59fea75c780c11946f4e3490\",\"name\":\"Diagnostic Mental\",\"image\":{\"@type\":\"ImageObject\",\"@id\":\"https:\/\/www.diagnostic-mental.fr\/blog\/#personlogo\",\"inLanguage\":\"fr-FR\",\"url\":\"https:\/\/secure.gravatar.com\/avatar\/6743211f010801ea26aa9423a2daab37?s=96&d=mm&r=g\",\"contentUrl\":\"https:\/\/secure.gravatar.com\/avatar\/6743211f010801ea26aa9423a2daab37?s=96&d=mm&r=g\",\"caption\":\"Diagnostic Mental\"},\"sameAs\":[\"https:\/\/www.diagnostic-mental.fr\/blog\"],\"url\":\"https:\/\/www.diagnostic-mental.fr\/blog\/author\/diagnostyka-umyslu\/\"}]}<\/script>\n<!-- \/ Yoast SEO plugin. -->","yoast_head_json":{"title":"Troubles du spectre autistique - Diagnostic Mental","description":"Un guide sur l'autisme, ses sympt\u00f4mes, ses causes, son diagnostic et sa prise en charge. Une introduction \u00e0 ce qu'est l'autisme et comment il affecte les gens.","robots":{"index":"index","follow":"follow","max-snippet":"max-snippet:-1","max-image-preview":"max-image-preview:large","max-video-preview":"max-video-preview:-1"},"canonical":"https:\/\/www.diagnostic-mental.fr\/blog\/autisme\/troubles-du-spectre-autistique\/","og_locale":"fr_FR","og_type":"article","og_title":"Troubles du spectre autistique - Diagnostic Mental","og_description":"Un guide sur l'autisme, ses sympt\u00f4mes, ses causes, son diagnostic et sa prise en charge. Une introduction \u00e0 ce qu'est l'autisme et comment il affecte les gens.","og_url":"https:\/\/www.diagnostic-mental.fr\/blog\/autisme\/troubles-du-spectre-autistique\/","og_site_name":"Diagnostic Mental","article_published_time":"2022-02-12T09:00:38+00:00","article_modified_time":"2022-07-09T17:37:13+00:00","og_image":[{"width":839,"height":400,"url":"https:\/\/www.diagnostic-mental.fr\/blog\/wp-content\/uploads\/2021\/07\/baner_d.jpg","type":"image\/jpeg"}],"twitter_card":"summary_large_image","twitter_misc":{"\u00c9crit par":"Diagnostic Mental","Dur\u00e9e de lecture estim\u00e9e":"7 minutes"},"schema":{"@context":"https:\/\/schema.org","@graph":[{"@type":"Organization","@id":"https:\/\/www.diagnostic-mental.fr\/blog\/#organization","name":"Diagnostic Mental","url":"https:\/\/www.diagnostic-mental.fr\/blog\/","sameAs":[],"logo":{"@type":"ImageObject","@id":"https:\/\/www.diagnostic-mental.fr\/blog\/#logo","inLanguage":"fr-FR","url":"https:\/\/www.diagnostic-mental.fr\/blog\/wp-content\/uploads\/2022\/02\/diagnostic-mental.png","contentUrl":"https:\/\/www.diagnostic-mental.fr\/blog\/wp-content\/uploads\/2022\/02\/diagnostic-mental.png","width":300,"height":102,"caption":"Diagnostic Mental"},"image":{"@id":"https:\/\/www.diagnostic-mental.fr\/blog\/#logo"}},{"@type":"WebSite","@id":"https:\/\/www.diagnostic-mental.fr\/blog\/#website","url":"https:\/\/www.diagnostic-mental.fr\/blog\/","name":"Diagnostic Mental","description":"Blog sur les troubles de l&#039;esprit","publisher":{"@id":"https:\/\/www.diagnostic-mental.fr\/blog\/#organization"},"potentialAction":[{"@type":"SearchAction","target":{"@type":"EntryPoint","urlTemplate":"https:\/\/www.diagnostic-mental.fr\/blog\/?s={search_term_string}"},"query-input":"required name=search_term_string"}],"inLanguage":"fr-FR"},{"@type":"ImageObject","@id":"https:\/\/www.diagnostic-mental.fr\/blog\/autisme\/troubles-du-spectre-autistique\/#primaryimage","inLanguage":"fr-FR","url":"https:\/\/www.diagnostic-mental.fr\/blog\/wp-content\/uploads\/2021\/07\/baner_d.jpg","contentUrl":"https:\/\/www.diagnostic-mental.fr\/blog\/wp-content\/uploads\/2021\/07\/baner_d.jpg","width":839,"height":400,"caption":"Zaburzenia ze spektrum autyzmu"},{"@type":"WebPage","@id":"https:\/\/www.diagnostic-mental.fr\/blog\/autisme\/troubles-du-spectre-autistique\/#webpage","url":"https:\/\/www.diagnostic-mental.fr\/blog\/autisme\/troubles-du-spectre-autistique\/","name":"Troubles du spectre autistique - Diagnostic Mental","isPartOf":{"@id":"https:\/\/www.diagnostic-mental.fr\/blog\/#website"},"primaryImageOfPage":{"@id":"https:\/\/www.diagnostic-mental.fr\/blog\/autisme\/troubles-du-spectre-autistique\/#primaryimage"},"datePublished":"2022-02-12T09:00:38+00:00","dateModified":"2022-07-09T17:37:13+00:00","description":"Un guide sur l'autisme, ses sympt\u00f4mes, ses causes, son diagnostic et sa prise en charge. Une introduction \u00e0 ce qu'est l'autisme et comment il affecte les gens.","breadcrumb":{"@id":"https:\/\/www.diagnostic-mental.fr\/blog\/autisme\/troubles-du-spectre-autistique\/#breadcrumb"},"inLanguage":"fr-FR","potentialAction":[{"@type":"ReadAction","target":["https:\/\/www.diagnostic-mental.fr\/blog\/autisme\/troubles-du-spectre-autistique\/"]}]},{"@type":"BreadcrumbList","@id":"https:\/\/www.diagnostic-mental.fr\/blog\/autisme\/troubles-du-spectre-autistique\/#breadcrumb","itemListElement":[{"@type":"ListItem","position":1,"name":"Homepage","item":"https:\/\/www.diagnostic-mental.fr\/blog\/"},{"@type":"ListItem","position":2,"name":"Trouble du spectre autistique","item":"https:\/\/www.diagnostic-mental.fr\/blog\/autisme\/"},{"@type":"ListItem","position":3,"name":"Troubles du spectre autistique"}]},{"@type":"Article","@id":"https:\/\/www.diagnostic-mental.fr\/blog\/autisme\/troubles-du-spectre-autistique\/#article","isPartOf":{"@id":"https:\/\/www.diagnostic-mental.fr\/blog\/autisme\/troubles-du-spectre-autistique\/#webpage"},"author":{"@id":"https:\/\/www.diagnostic-mental.fr\/blog\/#\/schema\/person\/8eb1bcaf59fea75c780c11946f4e3490"},"headline":"Troubles du spectre autistique","datePublished":"2022-02-12T09:00:38+00:00","dateModified":"2022-07-09T17:37:13+00:00","mainEntityOfPage":{"@id":"https:\/\/www.diagnostic-mental.fr\/blog\/autisme\/troubles-du-spectre-autistique\/#webpage"},"wordCount":1393,"publisher":{"@id":"https:\/\/www.diagnostic-mental.fr\/blog\/#organization"},"image":{"@id":"https:\/\/www.diagnostic-mental.fr\/blog\/autisme\/troubles-du-spectre-autistique\/#primaryimage"},"thumbnailUrl":"https:\/\/www.diagnostic-mental.fr\/blog\/wp-content\/uploads\/2021\/07\/baner_d.jpg","articleSection":["Autisme"],"inLanguage":"fr-FR"},{"@type":"Person","@id":"https:\/\/www.diagnostic-mental.fr\/blog\/#\/schema\/person\/8eb1bcaf59fea75c780c11946f4e3490","name":"Diagnostic Mental","image":{"@type":"ImageObject","@id":"https:\/\/www.diagnostic-mental.fr\/blog\/#personlogo","inLanguage":"fr-FR","url":"https:\/\/secure.gravatar.com\/avatar\/6743211f010801ea26aa9423a2daab37?s=96&d=mm&r=g","contentUrl":"https:\/\/secure.gravatar.com\/avatar\/6743211f010801ea26aa9423a2daab37?s=96&d=mm&r=g","caption":"Diagnostic Mental"},"sameAs":["https:\/\/www.diagnostic-mental.fr\/blog"],"url":"https:\/\/www.diagnostic-mental.fr\/blog\/author\/diagnostyka-umyslu\/"}]}},"amp_enabled":true,"_links":{"self":[{"href":"https:\/\/www.diagnostic-mental.fr\/blog\/wp-json\/wp\/v2\/posts\/1064"}],"collection":[{"href":"https:\/\/www.diagnostic-mental.fr\/blog\/wp-json\/wp\/v2\/posts"}],"about":[{"href":"https:\/\/www.diagnostic-mental.fr\/blog\/wp-json\/wp\/v2\/types\/post"}],"author":[{"embeddable":true,"href":"https:\/\/www.diagnostic-mental.fr\/blog\/wp-json\/wp\/v2\/users\/1"}],"replies":[{"embeddable":true,"href":"https:\/\/www.diagnostic-mental.fr\/blog\/wp-json\/wp\/v2\/comments?post=1064"}],"version-history":[{"count":13,"href":"https:\/\/www.diagnostic-mental.fr\/blog\/wp-json\/wp\/v2\/posts\/1064\/revisions"}],"predecessor-version":[{"id":1393,"href":"https:\/\/www.diagnostic-mental.fr\/blog\/wp-json\/wp\/v2\/posts\/1064\/revisions\/1393"}],"wp:featuredmedia":[{"embeddable":true,"href":"https:\/\/www.diagnostic-mental.fr\/blog\/wp-json\/wp\/v2\/media\/1073"}],"wp:attachment":[{"href":"https:\/\/www.diagnostic-mental.fr\/blog\/wp-json\/wp\/v2\/media?parent=1064"}],"wp:term":[{"taxonomy":"category","embeddable":true,"href":"https:\/\/www.diagnostic-mental.fr\/blog\/wp-json\/wp\/v2\/categories?post=1064"},{"taxonomy":"post_tag","embeddable":true,"href":"https:\/\/www.diagnostic-mental.fr\/blog\/wp-json\/wp\/v2\/tags?post=1064"}],"curies":[{"name":"wp","href":"https:\/\/api.w.org\/{rel}","templated":true}]}}